{"id":4461,"date":"2025-03-24T13:08:16","date_gmt":"2025-03-24T12:08:16","guid":{"rendered":"https:\/\/www.dentalzentrum-essen.de\/de\/?p=4461"},"modified":"2025-03-24T13:08:16","modified_gmt":"2025-03-24T12:08:16","slug":"neuer-glanz-fuer-den-fruehling-professionelles-bleaching-ab-399-eur","status":"publish","type":"post","link":"https:\/\/www.dentalzentrum-essen.de\/de\/neuer-glanz-fuer-den-fruehling-professionelles-bleaching-ab-399-eur\/","title":{"rendered":"Neuer Glanz f\u00fcr den Fr\u00fchling \u2013 Professionelles Bleaching ab 399 \u20ac"},"content":{"rendered":"<p class=\"\" data-start=\"164\" data-end=\"362\">Der Fr\u00fchling ist da \u2013 die Tage werden l\u00e4nger, die Sonne scheint wieder h\u00e4ufiger, und alles wirkt frischer und lebendiger. Der perfekte Zeitpunkt also, um auch Ihrem L\u00e4cheln neuen Glanz zu verleihen!<\/p>\n<p class=\"\" data-start=\"364\" data-end=\"430\"><strong data-start=\"364\" data-end=\"430\">Unsere Fr\u00fchjahrsaktion: Professionelles Zahnbleaching ab 399 \u20ac<\/strong><\/p>\n<p class=\"\" data-start=\"432\" data-end=\"745\">G\u00f6nnen Sie sich etwas Gutes und lassen Sie Ihre Z\u00e4hne strahlen \u2013 mit einem schonenden, professionellen Bleaching direkt bei uns in der Praxis. Ob f\u00fcr ein besonderes Event, das n\u00e4chste Selfie oder einfach f\u00fcr ein gutes Gef\u00fchl im Alltag: Ein strahlendes L\u00e4cheln wirkt sofort sympathisch, gepflegt und selbstbewusst.<\/p>\n<p class=\"\" data-start=\"747\" data-end=\"1019\"><strong data-start=\"747\" data-end=\"763\">Warum jetzt?<\/strong><br data-start=\"763\" data-end=\"766\" \/>Gerade nach den dunklen Wintermonaten sehnen sich viele nach einem frischen Look. Ein nat\u00fcrlich wei\u00dfes L\u00e4cheln ist dabei oft der erste Schritt \u2013 sichtbar, unkompliziert und effektiv. Und mit unserer exklusiven Fr\u00fchjahrsaktion sparen Sie dabei auch noch.<\/p>\n<ul>\n<li>Schonendes Verfahren<\/li>\n<li>Sp\u00fcrbar wei\u00dfere Z\u00e4hne in nur einer Sitzung<\/li>\n<li>Beratung &amp; individuelle Farbanpassung inklusive<\/li>\n<li>Nur f\u00fcr kurze Zeit: ab 399 \u20ac<\/li>\n<\/ul>\n<p class=\"\" data-start=\"1179\" data-end=\"1361\"><strong data-start=\"1179\" data-end=\"1204\">Jetzt Termin sichern!<\/strong><br data-start=\"1204\" data-end=\"1207\" \/>Unsere Aktion gilt nur f\u00fcr begrenzte Zeit \u2013 vereinbaren Sie am besten noch heute einen Termin und starten Sie mit Ihrem sch\u00f6nsten L\u00e4cheln in den Fr\u00fchling.<\/p>\n","protected":false},"excerpt":{"rendered":"<p>Der Fr\u00fchling ist da \u2013 die Tage werden l\u00e4nger, die Sonne scheint wieder h\u00e4ufiger, und alles wirkt frischer und lebendiger. Der perfekte Zeitpunkt also, um auch Ihrem L\u00e4cheln neuen Glanz zu verleihen! Unsere Fr\u00fchjahrsaktion: Professionelles Zahnbleaching ab 399 \u20ac G\u00f6nnen Sie sich etwas Gutes und lassen Sie Ihre Z\u00e4hne strahlen \u2013 mit einem schonenden, professionellen [&hellip;]<\/p>\n","protected":false},"author":11,"featured_media":0,"comment_status":"closed","ping_status":"closed","sticky":false,"template":"","format":"standard","meta":[],"categories":[8],"tags":[],"_links":{"self":[{"href":"https:\/\/www.dentalzentrum-essen.de\/de\/wp-json\/wp\/v2\/posts\/4461"}],"collection":[{"href":"https:\/\/www.dentalzentrum-essen.de\/de\/wp-json\/wp\/v2\/posts"}],"about":[{"href":"https:\/\/www.dentalzentrum-essen.de\/de\/wp-json\/wp\/v2\/types\/post"}],"author":[{"embeddable":true,"href":"https:\/\/www.dentalzentrum-essen.de\/de\/wp-json\/wp\/v2\/users\/11"}],"replies":[{"embeddable":true,"href":"https:\/\/www.dentalzentrum-essen.de\/de\/wp-json\/wp\/v2\/comments?post=4461"}],"version-history":[{"count":1,"href":"https:\/\/www.dentalzentrum-essen.de\/de\/wp-json\/wp\/v2\/posts\/4461\/revisions"}],"predecessor-version":[{"id":4463,"href":"https:\/\/www.dentalzentrum-essen.de\/de\/wp-json\/wp\/v2\/posts\/4461\/revisions\/4463"}],"wp:attachment":[{"href":"https:\/\/www.dentalzentrum-essen.de\/de\/wp-json\/wp\/v2\/media?parent=4461"}],"wp:term":[{"taxonomy":"category","embeddable":true,"href":"https:\/\/www.dentalzentrum-essen.de\/de\/wp-json\/wp\/v2\/categories?post=4461"},{"taxonomy":"post_tag","embeddable":true,"href":"https:\/\/www.dentalzentrum-essen.de\/de\/wp-json\/wp\/v2\/tags?post=4461"}],"curies":[{"name":"wp","href":"https:\/\/api.w.org\/{rel}","templated":true}]}}